{"id":1,"count":2,"description":"","link":"https:\/\/adanermurcia.com\/index.php\/category\/uncategorized\/","name":"Uncategorized","slug":"uncategorized","taxonomy":"category","parent":0,"meta":[],"yoast_head":"<!-- This site is optimized with the Yoast SEO plugin v22.6 - https:\/\/yoast.com\/wordpress\/plugins\/seo\/ -->\n<title>Uncategorized archivos - Adaner Murcia<\/title>\n<meta name=\"robots\" content=\"index, follow, max-snippet:-1, max-image-preview:large, max-video-preview:-1\" \/>\n<link rel=\"canonical\" href=\"https:\/\/adanermurcia.com\/index.php\/category\/uncategorized\/\" \/>\n<meta property=\"og:locale\" content=\"es_ES\" \/>\n<meta property=\"og:type\" content=\"article\" \/>\n<meta property=\"og:title\" content=\"Uncategorized archivos - Adaner Murcia\" \/>\n<meta property=\"og:url\" content=\"https:\/\/adanermurcia.com\/index.php\/category\/uncategorized\/\" \/>\n<meta property=\"og:site_name\" content=\"Adaner Murcia\" \/>\n<meta property=\"og:image\" content=\"https:\/\/adanermurcia.com\/wp-content\/uploads\/2024\/04\/cropped-android-chrome-512x512-1.png\" \/>\n\t<meta property=\"og:image:width\" content=\"512\" \/>\n\t<meta property=\"og:image:height\" content=\"512\" \/>\n\t<meta property=\"og:image:type\" content=\"image\/png\" \/>\n<meta name=\"twitter:card\" content=\"summary_large_image\" \/>\n<meta name=\"twitter:site\" content=\"@Adanermurcia\" \/>\n<script type=\"application\/ld+json\" class=\"yoast-schema-graph\">{\"@context\":\"https:\/\/schema.org\",\"@graph\":[{\"@type\":\"CollectionPage\",\"@id\":\"https:\/\/adanermurcia.com\/index.php\/category\/uncategorized\/\",\"url\":\"https:\/\/adanermurcia.com\/index.php\/category\/uncategorized\/\",\"name\":\"Uncategorized archivos - Adaner Murcia\",\"isPartOf\":{\"@id\":\"https:\/\/adanermurcia.com\/#website\"},\"breadcrumb\":{\"@id\":\"https:\/\/adanermurcia.com\/index.php\/category\/uncategorized\/#breadcrumb\"},\"inLanguage\":\"es\"},{\"@type\":\"BreadcrumbList\",\"@id\":\"https:\/\/adanermurcia.com\/index.php\/category\/uncategorized\/#breadcrumb\",\"itemListElement\":[{\"@type\":\"ListItem\",\"position\":1,\"name\":\"Portada\",\"item\":\"https:\/\/adanermurcia.com\/\"},{\"@type\":\"ListItem\",\"position\":2,\"name\":\"Uncategorized\"}]},{\"@type\":\"WebSite\",\"@id\":\"https:\/\/adanermurcia.com\/#website\",\"url\":\"https:\/\/adanermurcia.com\/\",\"name\":\"Adaner Murcia\",\"description\":\"Adaner Murcia - Asociaci\u00f3n en Defensa de la Anorexia nerviosa y Bulimia de la Regi\u00f3n de Murcia. Fundado en 1993 con el objetivo de ofrecer atenci\u00f3n integral en psiquiatr\u00eda, psicolog\u00eda y nutrici\u00f3n a pacientes y familiares afectados por Trastornos de la Conducta Alimentaria.\",\"publisher\":{\"@id\":\"https:\/\/adanermurcia.com\/#organization\"},\"potentialAction\":[{\"@type\":\"SearchAction\",\"target\":{\"@type\":\"EntryPoint\",\"urlTemplate\":\"https:\/\/adanermurcia.com\/?s={search_term_string}\"},\"query-input\":\"required name=search_term_string\"}],\"inLanguage\":\"es\"},{\"@type\":\"Organization\",\"@id\":\"https:\/\/adanermurcia.com\/#organization\",\"name\":\"Adaner Murcia\",\"url\":\"https:\/\/adanermurcia.com\/\",\"logo\":{\"@type\":\"ImageObject\",\"inLanguage\":\"es\",\"@id\":\"https:\/\/adanermurcia.com\/#\/schema\/logo\/image\/\",\"url\":\"https:\/\/adanermurcia.com\/wp-content\/uploads\/2024\/03\/Adaner-Logo-Recortado.png\",\"contentUrl\":\"https:\/\/adanermurcia.com\/wp-content\/uploads\/2024\/03\/Adaner-Logo-Recortado.png\",\"width\":394,\"height\":293,\"caption\":\"Adaner Murcia\"},\"image\":{\"@id\":\"https:\/\/adanermurcia.com\/#\/schema\/logo\/image\/\"},\"sameAs\":[\"https:\/\/www.facebook.com\/murcia.adaner\/?locale=es_ES\",\"https:\/\/x.com\/Adanermurcia\"]}]}<\/script>\n<!-- \/ Yoast SEO plugin. -->","yoast_head_json":{"title":"Uncategorized archivos - Adaner Murcia","robots":{"index":"index","follow":"follow","max-snippet":"max-snippet:-1","max-image-preview":"max-image-preview:large","max-video-preview":"max-video-preview:-1"},"canonical":"https:\/\/adanermurcia.com\/index.php\/category\/uncategorized\/","og_locale":"es_ES","og_type":"article","og_title":"Uncategorized archivos - Adaner Murcia","og_url":"https:\/\/adanermurcia.com\/index.php\/category\/uncategorized\/","og_site_name":"Adaner Murcia","og_image":[{"width":512,"height":512,"url":"https:\/\/adanermurcia.com\/wp-content\/uploads\/2024\/04\/cropped-android-chrome-512x512-1.png","type":"image\/png"}],"twitter_card":"summary_large_image","twitter_site":"@Adanermurcia","schema":{"@context":"https:\/\/schema.org","@graph":[{"@type":"CollectionPage","@id":"https:\/\/adanermurcia.com\/index.php\/category\/uncategorized\/","url":"https:\/\/adanermurcia.com\/index.php\/category\/uncategorized\/","name":"Uncategorized archivos - Adaner Murcia","isPartOf":{"@id":"https:\/\/adanermurcia.com\/#website"},"breadcrumb":{"@id":"https:\/\/adanermurcia.com\/index.php\/category\/uncategorized\/#breadcrumb"},"inLanguage":"es"},{"@type":"BreadcrumbList","@id":"https:\/\/adanermurcia.com\/index.php\/category\/uncategorized\/#breadcrumb","itemListElement":[{"@type":"ListItem","position":1,"name":"Portada","item":"https:\/\/adanermurcia.com\/"},{"@type":"ListItem","position":2,"name":"Uncategorized"}]},{"@type":"WebSite","@id":"https:\/\/adanermurcia.com\/#website","url":"https:\/\/adanermurcia.com\/","name":"Adaner Murcia","description":"Adaner Murcia - Asociaci\u00f3n en Defensa de la Anorexia nerviosa y Bulimia de la Regi\u00f3n de Murcia. Fundado en 1993 con el objetivo de ofrecer atenci\u00f3n integral en psiquiatr\u00eda, psicolog\u00eda y nutrici\u00f3n a pacientes y familiares afectados por Trastornos de la Conducta Alimentaria.","publisher":{"@id":"https:\/\/adanermurcia.com\/#organization"},"potentialAction":[{"@type":"SearchAction","target":{"@type":"EntryPoint","urlTemplate":"https:\/\/adanermurcia.com\/?s={search_term_string}"},"query-input":"required name=search_term_string"}],"inLanguage":"es"},{"@type":"Organization","@id":"https:\/\/adanermurcia.com\/#organization","name":"Adaner Murcia","url":"https:\/\/adanermurcia.com\/","logo":{"@type":"ImageObject","inLanguage":"es","@id":"https:\/\/adanermurcia.com\/#\/schema\/logo\/image\/","url":"https:\/\/adanermurcia.com\/wp-content\/uploads\/2024\/03\/Adaner-Logo-Recortado.png","contentUrl":"https:\/\/adanermurcia.com\/wp-content\/uploads\/2024\/03\/Adaner-Logo-Recortado.png","width":394,"height":293,"caption":"Adaner Murcia"},"image":{"@id":"https:\/\/adanermurcia.com\/#\/schema\/logo\/image\/"},"sameAs":["https:\/\/www.facebook.com\/murcia.adaner\/?locale=es_ES","https:\/\/x.com\/Adanermurcia"]}]}},"_links":{"self":[{"href":"https:\/\/adanermurcia.com\/index.php\/wp-json\/wp\/v2\/categories\/1"}],"collection":[{"href":"https:\/\/adanermurcia.com\/index.php\/wp-json\/wp\/v2\/categories"}],"about":[{"href":"https:\/\/adanermurcia.com\/index.php\/wp-json\/wp\/v2\/taxonomies\/category"}],"wp:post_type":[{"href":"https:\/\/adanermurcia.com\/index.php\/wp-json\/wp\/v2\/posts?categories=1"}],"curies":[{"name":"wp","href":"https:\/\/api.w.org\/{rel}","templated":true}]}}